{"id":5744,"date":"2012-06-16T11:10:32","date_gmt":"2012-06-16T11:10:32","guid":{"rendered":"http:\/\/oird.redd.fun\/?p=5744"},"modified":"2012-06-16T11:40:22","modified_gmt":"2012-06-16T11:40:22","slug":"aminou-mohamed-salim-agnide-darris","status":"publish","type":"post","link":"http:\/\/oird.org\/oird\/team\/aminou-mohamed-salim-agnide-darris\/","title":{"rendered":"Aminou Mohamed Salim Agnid\u00e9 DARRIS"},"content":{"rendered":"<p>REPUBLIC OF BENIN-PORTO NOVO<br \/>\nIOSD DELEGATE <strong>WEST AFRICA<\/strong><\/p>\n<p><a href=\"http:\/\/oird.redd.fun\/wp-content\/uploads\/2012\/06\/Capture-d\u2019\u00e9cran-2012-05-30-\u00e0-23.06.45-copie.png\"><img loading=\"lazy\" decoding=\"async\" src=\"http:\/\/oird.redd.fun\/wp-content\/uploads\/2012\/06\/Capture-d\u2019\u00e9cran-2012-05-30-\u00e0-23.06.45-copie-300x225.png\" alt=\"\" title=\"Capture d\u2019\u00e9cran 2012-05-30 \u00e0 23.06.45 - copie\" width=\"300\" height=\"225\" class=\"alignnone size-medium wp-image-5745\" srcset=\"https:\/\/oird.org\/oird\/wp-content\/uploads\/2012\/06\/Capture-d\u2019\u00e9cran-2012-05-30-\u00e0-23.06.45-copie-300x225.png 300w, https:\/\/oird.org\/oird\/wp-content\/uploads\/2012\/06\/Capture-d\u2019\u00e9cran-2012-05-30-\u00e0-23.06.45-copie-1024x768.png 1024w, https:\/\/oird.org\/oird\/wp-content\/uploads\/2012\/06\/Capture-d\u2019\u00e9cran-2012-05-30-\u00e0-23.06.45-copie-399x300.png 399w, https:\/\/oird.org\/oird\/wp-content\/uploads\/2012\/06\/Capture-d\u2019\u00e9cran-2012-05-30-\u00e0-23.06.45-copie.png 1103w\" sizes=\"auto, (max-width: 300px) 100vw, 300px\" \/><\/a><\/p>\n<p>AMINOU Mohamed Salim Agnid\u00e9 Darris est n\u00e9 en 1985 \u00e0 Cotonou Capitale \u00e9conomique du B\u00e9nin.<br \/>\nApr\u00e8s des \u00e9tudes secondaires termin\u00e9es avec succ\u00e8s par l\u2019obtention d\u2019un baccalaur\u00e9at scientifique, il entre en 2002 \u00e0 l&rsquo;universit\u00e9 Hassan 2 \u2013 Facult\u00e9 des Sciences et Techniques, \u00e0 Mohammedia &#8211; Maroc, o\u00f9 il obtient un dipl\u00f4me en G\u00e9nie Energ\u00e9tique en 2008. Apr\u00e8s un an d\u2019exp\u00e9rience professionnelle dans le royaume ch\u00e9rifien, il d\u00e9cide de rentrer s\u2019installer dans son pays natal pour mieux faire valoir son savoir faire.<br \/>\nFin 2008, il d\u00e9cide d\u2019effectuer un bain linguistique au Ghana afin d\u2019am\u00e9liorer son usage de la langue anglaise ; ce qu\u2019il r\u00e9ussit avec succ\u00e8s par l\u2019obtention d\u2019un proficiency.<br \/>\nDe retour au B\u00e9nin, il passe un stage professionnel en Septembre 2009 au sein du projet de fourniture des services d\u2019\u00e9nergie (projet financ\u00e9 par la Banque Mondiale) o\u00f9 il apprend \u00e0 maitriser le r\u00e9seau national d\u2019\u00e9lectricit\u00e9 ainsi que toutes les strat\u00e9gies de d\u00e9veloppement du secteur de l\u2019Energie.<br \/>\nEn Mai 2010, il est nomm\u00e9 Assistant du Directeur de Cabinet du Ministre de l\u2019Energie et de l\u2019Eau. Ce poste lui permet de d\u00e9couvrir les politiques \u00e9nerg\u00e9tiques du B\u00e9nin, du Togo et de l\u2019UEMOA (Union Economique et Mon\u00e9taire Ouest Africaine). Il d\u00e9veloppe avec la Direction G\u00e9n\u00e9rale de l\u2019Energie des projets d\u2019envergures qui permettront de d\u00e9velopper de nouvelles sources d\u2019\u00e9nergies sur le territoire telles que le Bio \u00e9thanol, le bio diesel, l\u2019hydro-\u00e9lectricit\u00e9, la biomasse et le solaire photovolta\u00efque.<br \/>\nAu m\u00eame moment, voulant d\u00e9couvrir d\u2019autres probl\u00e9matiques \u00e9nerg\u00e9tiques qui se rapportent \u00e0 la population directement, il propose des services de consultation \u00e0 des promoteurs immobiliers, architectes, pharmacies\u2026 afin de leur proposer des solutions leur permettant de pallier aux d\u00e9ficits \u00e9lectriques qu\u2019ils rencontrent dans leur m\u00e9tier de fa\u00e7on quotidienne.<br \/>\nEn Avril 2011, il int\u00e8gre le Groupe Fran\u00e7ais FONROCHE Energies Renouvelables \u2013 D\u00e9l\u00e9gation Afrique au B\u00e9nin, en tant qu\u2019assistant projets charg\u00e9 des Etudes Techniques et de la Recherche et d\u00e9veloppement. Il renforce ses capacit\u00e9s par des formations au si\u00e8ge \u00e0 Agen \u2013 France et joue le r\u00f4le d\u2019appui conseil pour le d\u00e9veloppement des solutions photovolta\u00efques du Groupe en environnement tropicale.<br \/>\nPr\u00e9sident \u2013 Fondateur de l\u2019ONG Green Attitude depuis Juin 2010, il d\u00e9veloppe avec des jeunes comme lui des solutions pouvant pallier aux difficult\u00e9s quotidiennes de ses compatriotes dans les domaines de l\u2019Eau, l\u2019Energie et l\u2019Environnement.<br \/>\nAujourd\u2019hui, l\u2019organisme a pour objectif d\u2019avoir un impact consid\u00e9rable sur la vie des populations du B\u00e9nin et d\u2019ailleurs. Il axe ses actions autour des th\u00e8mes suivant :<br \/>\n\u27a2\tL\u2019acc\u00e8s \u00e0 l\u2019eau potable par des points de pompage solaire, ou de mini centrales de traitement d\u2019eau,<br \/>\n\u27a2\tL\u2019acc\u00e8s \u00e0 l\u2019\u00e9lectricit\u00e9 par l\u2019installation de syst\u00e8mes solaires hybrides ou autonomes, des hydroliennes ou pico barrages hydro \u00e9lectriques,<br \/>\n\u27a2\tL\u2019acc\u00e8s \u00e0 une meilleure qualit\u00e9 de l\u2019air et un environnement sain par la collecte, le recycla de d\u00e9chets,<br \/>\n\u27a2\tLa protection de la faune et de la flore\u2026,<br \/>\n\u27a2\tL\u2019acc\u00e8s des enfants \u00e0 une meilleure \u00e9ducation par la mise en place avec la Fondation Nansounon de mini centres culturels ruraux avec acc\u00e8s \u00e0 l\u2019internet et aux soins.<br \/>\nIl fait partie de cette g\u00e9n\u00e9ration africaine qui est consciente que l\u2019Afrique dispose de tous les atouts aujourd\u2019hui pour amorcer un d\u00e9veloppement certain et durable.<\/p>\n<p><strong>Nomm\u00e9 D\u00e9l\u00e9gu\u00e9 Officiel de l&rsquo;Organisation Internationale pour la R\u00e9ussite et le D\u00e9veloppement en Afrique de l&rsquo;Est, Aminou oeuvre \u00e0 d\u00e9velopper une dynamique d&rsquo;\u00e9changes coop\u00e9ratifs entre l&rsquo;Afrique de l&rsquo;Ouest et le p\u00f4le central OIRD bas\u00e9 \u00e0 Bruxelles, capitale de l&rsquo;Union Europ\u00e9enne.<\/strong><\/p>\n","protected":false},"excerpt":{"rendered":"<p>REPUBLIC OF BENIN-PORTO NOVO IOSD DELEGATE WEST AFRICA AMINOU Mohamed Salim Agnid\u00e9 Darris est n\u00e9 en 1985 \u00e0 Cotonou Capitale \u00e9conomique du B\u00e9nin. Apr\u00e8s des \u00e9tudes secondaires termin\u00e9es avec succ\u00e8s par l\u2019obtention d\u2019un baccalaur\u00e9at scientifique, il entre en 2002 \u00e0 &hellip;<\/p>\n","protected":false},"author":3,"featured_media":5745,"comment_status":"open","ping_status":"open","sticky":false,"template":"","format":"standard","meta":{"footnotes":"","_links_to":"","_links_to_target":""},"categories":[18],"tags":[],"class_list":["post-5744","post","type-post","status-publish","format-standard","has-post-thumbnail","hentry","category-team"],"_links":{"self":[{"href":"http:\/\/oird.org\/oird\/wp-json\/wp\/v2\/posts\/5744","targetHints":{"allow":["GET"]}}],"collection":[{"href":"http:\/\/oird.org\/oird\/wp-json\/wp\/v2\/posts"}],"about":[{"href":"http:\/\/oird.org\/oird\/wp-json\/wp\/v2\/types\/post"}],"author":[{"embeddable":true,"href":"http:\/\/oird.org\/oird\/wp-json\/wp\/v2\/users\/3"}],"replies":[{"embeddable":true,"href":"http:\/\/oird.org\/oird\/wp-json\/wp\/v2\/comments?post=5744"}],"version-history":[{"count":0,"href":"http:\/\/oird.org\/oird\/wp-json\/wp\/v2\/posts\/5744\/revisions"}],"wp:featuredmedia":[{"embeddable":true,"href":"http:\/\/oird.org\/oird\/wp-json\/wp\/v2\/media\/5745"}],"wp:attachment":[{"href":"http:\/\/oird.org\/oird\/wp-json\/wp\/v2\/media?parent=5744"}],"wp:term":[{"taxonomy":"category","embeddable":true,"href":"http:\/\/oird.org\/oird\/wp-json\/wp\/v2\/categories?post=5744"},{"taxonomy":"post_tag","embeddable":true,"href":"http:\/\/oird.org\/oird\/wp-json\/wp\/v2\/tags?post=5744"}],"curies":[{"name":"wp","href":"https:\/\/api.w.org\/{rel}","templated":true}]}}