{"id":5164,"date":"2012-05-15T21:59:37","date_gmt":"2012-05-15T21:59:37","guid":{"rendered":"http:\/\/oird.redd.fun\/?p=5164"},"modified":"2013-04-07T23:49:18","modified_gmt":"2013-04-07T23:49:18","slug":"sommet-des-cultures","status":"publish","type":"post","link":"https:\/\/oird.org\/oird\/une-etoile-un-destin\/sommet-des-cultures\/","title":{"rendered":"SOMMET DES CULTURES VIDEOS"},"content":{"rendered":"<p><iframe loading=\"lazy\" width=\"640\" height=\"360\" src=\"http:\/\/www.youtube.com\/embed\/g_ja_dFU2TQ\" frameborder=\"0\" allowfullscreen><\/iframe><\/p>\n<p><iframe loading=\"lazy\" width=\"640\" height=\"360\" src=\"http:\/\/www.youtube.com\/embed\/Ev9PmXEqY1Y\" frameborder=\"0\" allowfullscreen><\/iframe><\/p>\n<p><strong>Une \u00e9toile, un Destin EDITION SPECIALE<br \/>\nSOMMET DES CULTURES  9 mai 2012<\/strong><\/p>\n<p>Une rencontre unique pr\u00e9par\u00e9e par une assembl\u00e9e de 260 jeunes bruxellois issus d&rsquo;une trentaine de pays d&rsquo;origine. Des jeunes des quartiers, accompagn\u00e9s depuis plusieurs mois par une \u00e9quipe de 20 professeurs engag\u00e9s pour l&rsquo;\u00e9ducation \u00e0 la citoyennet\u00e9. <\/p>\n<p>Pr\u00e9sents, plusieurs \u00e9minents Diplomates et Ambassadeurs d&rsquo;\u00c9tats actifs pour la jeunesse, les \u00e9changes, l&rsquo;ouverture, la paix et la diversit\u00e9 culturelle. Ouverture de c\u00e9r\u00e9monie par Madame la Ministre de la Culture et de l&rsquo;\u00c9galit\u00e9 des Chances Fadila Laanan et Madame la Ministre de l&rsquo;Enseignement Marie Dominique Simonet. Pr\u00e9sence de nombreuses personnalit\u00e9s et d&rsquo;autres Ministres belges engag\u00e9s pour la jeunesse et la diversit\u00e9 culturelle. <\/p>\n<p>Une rencontre exceptionnelle pour une discussion d&rsquo;\u00e9change courtoise, chaleureuse et constructive autour de 3 th\u00e8mes phares :<\/p>\n<p><strong>L&rsquo;identit\u00e9 dans la diversit\u00e9 culturelle<br \/>\nLes espoirs de paix de la jeunesse<br \/>\nL&rsquo;\u00e9cologie au coeur de la conscience des jeunes.<br \/>\n<\/strong><\/p>\n<p><strong><em>Une initiative des jeunes des quartiers de Molenbeek, Bruxelles, Anderlecht, St Gilles et Woluw\u00e9 SL.<br \/>\nDirection de l\u2019 Organisation G\u00e9n\u00e9rale: Nader Rekik .<br \/>\nDirection p\u00e9dagogique: Nader Rekik et David Dhondt<br \/>\n<\/em><\/strong><\/p>\n<p>Coordination p\u00e9dagogique<\/p>\n<p>Elise Rousse<br \/>\nDavid Dhondt<br \/>\nPascal Hallemans<br \/>\nNader Rekik<\/p>\n<p>Coordination Technique<\/p>\n<p>Cojocaru Radu<br \/>\nIkram Maafi<br \/>\nBrahim El Mabtoul<br \/>\nDino Kacar<br \/>\nSaghir Khalid<br \/>\nFano Salvatore<\/p>\n<p>Avec le soutien de <\/p>\n<p>Madame la Ministre de la Culture et de l&rsquo;Egalit\u00e9 des Chances Fadila Laanan<br \/>\nMadame la Ministre de l&rsquo;Enseignement Marie Dominique Simonet<br \/>\nMonsieur le Bourgmestre et Ministre d&rsquo;Etat Philippe Moureaux<br \/>\nLe coll\u00e8ge Echevinal de la Commune de Molenbeek-Saint-Jean<br \/>\nMonsieur le Secr\u00e9taire G\u00e9n\u00e9ral de la F\u00e9d\u00e9ration Wallonie Bruxelles Fr\u00e9deric Delcor<br \/>\nL&rsquo;Ambassade du Royaume du Maroc<br \/>\nL&rsquo;Ambassade des Etats Unis d&rsquo;Am\u00e9rique<br \/>\nL&rsquo;Ambassade de la R\u00e9publique Populaire de Chine<br \/>\nL&rsquo;Ambassade de la R\u00e9publique de Tunisie<br \/>\nL&rsquo;Ambassade de la R\u00e9publique de Turquie<br \/>\nMonsieur le Pr\u00e9fet Pascal Hallemans<br \/>\nMonsieur le Pr\u00e9fet honoraire Bernard Andries<br \/>\nMonsieur le Pr\u00e9fet Andr\u00e9 Charneux<br \/>\nMonsieur le Pr\u00e9fet Mohamed El Hamouti<\/p>\n<p><strong>Merci \u00e0 tous les partenaires de l&rsquo;OIRD, ce d\u00e9fi devient r\u00e9alit\u00e9 gr\u00e2ce \u00e0 tous !<br \/>\n<\/strong><br \/>\nFEDERATION WALLONIE BRUXELLES<br \/>\nCOMMUNE DE MOLENBEEK-SAINT-JEAN<br \/>\nL&rsquo;ECOLE FAIT SA TELE et sp\u00e9cialement Patrice Biarent et Jennifer Lamaire<br \/>\nMICROSON et sp\u00e9cialement monsieur Carl Lambrecht<br \/>\nSAE INSTITUT BRUXELLES<br \/>\nISB INTERNATIONAL SCHOOL OF BRUSSELS et sp\u00e9cialement Dr Iannis Leonidakis<br \/>\nHAUTE ECOLE DE BRUXELLES ISTI Monsieur Michel Vandievel et son \u00e9quipe d&rsquo;\u00e9tudiants<br \/>\nEXKI et ses d\u00e9lices bio, et sp\u00e9cialement monsieur Fr\u00e9deric Rouvez fondateur d&rsquo;Exki<br \/>\nALAIN DEPAUW FONDATION ROI BAUDOUIN<br \/>\nSPEAKMARK<br \/>\nWEPLAY et monsieur Nicolas Wrobel<br \/>\nTh\u00e9\u00e2tre Royal des Galleries<br \/>\nTh\u00e9\u00e2tre de la Vie<br \/>\nTh\u00e9\u00e2tre des Martyres<br \/>\nTh\u00e9\u00e2tre de Galafornie<\/p>\n<p>Coordination G\u00e9n\u00e9rale<br \/>\nNader REKIK David DHONDT Val\u00e9rie CABARAUX <\/p>\n<p>Assistance Logistique &#038; Coordination Locale<br \/>\nF\u00e9d\u00e9ration Wallonie Bruxelles<br \/>\nVincent Royer<br \/>\nNadine Otten<\/p>\n<p>Commune de Molenbeek-Saint-Jean<br \/>\nFr\u00e9deric Verhaeghe<br \/>\nAngela Longhi<br \/>\nJamal Ikazban<\/p>\n<p>Coordination technique<br \/>\nMauricio Machuca production audiovisuelle<br \/>\nGeorges Labbe COCOF<br \/>\nBenjamin Bertozzi<br \/>\nLa Maison des Cultures et de la Coh\u00e9sion Sociale de Molenbeek Saint Jean<\/p>\n<p>Coordination S\u00e9curit\u00e9<br \/>\nBrahim El Mabtoul<br \/>\nKhalid Saghir<br \/>\nRyadh Taghani<br \/>\nSalvatore Fano<br \/>\nElyas Ben Aboud<br \/>\nDino Kacar<br \/>\nSECURITAS<\/p>\n<p>Remerciement sp\u00e9cial \u00e0 :<br \/>\nMarianne Tillot Minist\u00e8re de l&rsquo;Enseignement<br \/>\nAlain Maingain Minist\u00e8re de l&rsquo;Enseignement<br \/>\nKhalid Zian Minist\u00e8re de la Culture<br \/>\nMarie H\u00e9n\u00e8ne Desomer US EMBASSY<br \/>\nEmira Rekik IOSD EDUCATIONALS PROGRAMS<br \/>\nMohammed Khaddour MOROCCO EMBASSY<br \/>\nMohammed ARIAD MOROCCO EMBASSY<br \/>\nPascal Hallemans Pr\u00e9fet des Etudes<br \/>\nCojocaru Radu IOSD STAFF<br \/>\nFano Salvatore Logistique<\/p>\n<p>Les services de Police de la commune de Molenbeek Saint Jean et sp\u00e9cialement<br \/>\nKoenraed Demunter<br \/>\nLes services de la S\u00fbret\u00e9 de l&rsquo;Etat.<br \/>\nL&rsquo;ensemble de tous les parents d&rsquo;\u00e9l\u00e8ves.<br \/>\nLes \u00e9l\u00e8ves de l&rsquo;Ath\u00e9n\u00e9e Royal de Woluw\u00e9 Saint Lambert<br \/>\nLes \u00e9l\u00e8ves de l&rsquo;Ath\u00e9n\u00e9e Royal Serge Creuz<br \/>\nLes \u00e9l\u00e8ves de l&rsquo;Ath\u00e9n\u00e9e Royal Victor Horta<br \/>\nLes \u00e9l\u00e8ves de l&rsquo;Institut des Ursulines<br \/>\nLes \u00e9l\u00e8ves de l&rsquo;Ath\u00e9n\u00e9e Royal Gatti de Gamond<br \/>\nLes \u00e9tudiants de l&rsquo;ULB Sciences politiques<br \/>\nLes \u00e9tudiants de l&rsquo;ULB Droit<br \/>\nLes \u00e9tudiants de la HEB ISTI<\/p>\n<p><a href=\"http:\/\/oird.redd.fun\/wp-content\/uploads\/2012\/05\/Capture-d\u2019\u00e9cran-2012-05-28-\u00e0-13.44.381.png\"><img loading=\"lazy\" decoding=\"async\" src=\"http:\/\/oird.redd.fun\/wp-content\/uploads\/2012\/05\/Capture-d\u2019\u00e9cran-2012-05-28-\u00e0-13.44.381-300x200.png\" alt=\"\" title=\"Capture d\u2019\u00e9cran 2012-05-28 \u00e0 13.44.38\" width=\"300\" height=\"200\" class=\"alignnone size-medium wp-image-5634\" srcset=\"https:\/\/oird.org\/oird\/wp-content\/uploads\/2012\/05\/Capture-d\u2019\u00e9cran-2012-05-28-\u00e0-13.44.381-300x200.png 300w, https:\/\/oird.org\/oird\/wp-content\/uploads\/2012\/05\/Capture-d\u2019\u00e9cran-2012-05-28-\u00e0-13.44.381-449x300.png 449w, https:\/\/oird.org\/oird\/wp-content\/uploads\/2012\/05\/Capture-d\u2019\u00e9cran-2012-05-28-\u00e0-13.44.381.png 598w\" sizes=\"auto, (max-width: 300px) 100vw, 300px\" \/><\/a><\/p>\n<p><a href=\"http:\/\/oird.redd.fun\/wp-content\/uploads\/2012\/05\/Capture-d\u2019\u00e9cran-2012-05-28-\u00e0-13.48.281.png\"><img loading=\"lazy\" decoding=\"async\" src=\"http:\/\/oird.redd.fun\/wp-content\/uploads\/2012\/05\/Capture-d\u2019\u00e9cran-2012-05-28-\u00e0-13.48.281-300x167.png\" alt=\"\" title=\"Capture d\u2019\u00e9cran 2012-05-28 \u00e0 13.48.28\" width=\"300\" height=\"167\" class=\"alignnone size-medium wp-image-5637\" srcset=\"https:\/\/oird.org\/oird\/wp-content\/uploads\/2012\/05\/Capture-d\u2019\u00e9cran-2012-05-28-\u00e0-13.48.281-300x167.png 300w, https:\/\/oird.org\/oird\/wp-content\/uploads\/2012\/05\/Capture-d\u2019\u00e9cran-2012-05-28-\u00e0-13.48.281-500x279.png 500w, https:\/\/oird.org\/oird\/wp-content\/uploads\/2012\/05\/Capture-d\u2019\u00e9cran-2012-05-28-\u00e0-13.48.281.png 549w\" sizes=\"auto, (max-width: 300px) 100vw, 300px\" \/><\/a><\/p>\n<p><a href=\"http:\/\/oird.redd.fun\/wp-content\/uploads\/2012\/05\/logo_exki.jpg\"><img loading=\"lazy\" decoding=\"async\" src=\"http:\/\/oird.redd.fun\/wp-content\/uploads\/2012\/05\/logo_exki.jpg\" alt=\"\" title=\"logo_exki\" width=\"300\" height=\"300\" class=\"alignnone size-full wp-image-5635\" srcset=\"https:\/\/oird.org\/oird\/wp-content\/uploads\/2012\/05\/logo_exki.jpg 300w, https:\/\/oird.org\/oird\/wp-content\/uploads\/2012\/05\/logo_exki-150x150.jpg 150w\" sizes=\"auto, (max-width: 300px) 100vw, 300px\" \/><\/a><\/p>\n<p><a href=\"http:\/\/oird.redd.fun\/wp-content\/uploads\/2012\/05\/sae_logo.jpg\"><img loading=\"lazy\" decoding=\"async\" src=\"http:\/\/oird.redd.fun\/wp-content\/uploads\/2012\/05\/sae_logo-300x239.jpg\" alt=\"\" title=\"sae_logo\" width=\"300\" height=\"239\" class=\"alignnone size-medium wp-image-5636\" srcset=\"https:\/\/oird.org\/oird\/wp-content\/uploads\/2012\/05\/sae_logo-300x239.jpg 300w, https:\/\/oird.org\/oird\/wp-content\/uploads\/2012\/05\/sae_logo-375x300.jpg 375w, https:\/\/oird.org\/oird\/wp-content\/uploads\/2012\/05\/sae_logo.jpg 563w\" sizes=\"auto, (max-width: 300px) 100vw, 300px\" \/><\/a><\/p>\n<p><a href=\"http:\/\/oird.redd.fun\/wp-content\/uploads\/2012\/05\/Logo_FWB_Verti_Noir-3.jpg\"><img loading=\"lazy\" decoding=\"async\" src=\"http:\/\/oird.redd.fun\/wp-content\/uploads\/2012\/05\/Logo_FWB_Verti_Noir-3-279x300.jpg\" alt=\"\" title=\"Logo_FWB_Verti_Noir-3\" width=\"279\" height=\"300\" class=\"alignnone size-medium wp-image-5639\" srcset=\"https:\/\/oird.org\/oird\/wp-content\/uploads\/2012\/05\/Logo_FWB_Verti_Noir-3-279x300.jpg 279w, https:\/\/oird.org\/oird\/wp-content\/uploads\/2012\/05\/Logo_FWB_Verti_Noir-3-953x1024.jpg 953w, https:\/\/oird.org\/oird\/wp-content\/uploads\/2012\/05\/Logo_FWB_Verti_Noir-3-300x322.jpg 300w\" sizes=\"auto, (max-width: 279px) 100vw, 279px\" \/><\/a><\/p>\n","protected":false},"excerpt":{"rendered":"<p>Une \u00e9toile, un Destin EDITION SPECIALE SOMMET DES CULTURES 9 mai 2012 Une rencontre unique pr\u00e9par\u00e9e par une assembl\u00e9e de 260 jeunes bruxellois issus d&rsquo;une trentaine de pays d&rsquo;origine. Des jeunes des quartiers, accompagn\u00e9s depuis plusieurs mois par une \u00e9quipe &hellip;<\/p>\n","protected":false},"author":3,"featured_media":5177,"comment_status":"open","ping_status":"open","sticky":false,"template":"","format":"standard","meta":{"footnotes":"","_links_to":"","_links_to_target":""},"categories":[7],"tags":[6],"class_list":["post-5164","post","type-post","status-publish","format-standard","has-post-thumbnail","hentry","category-une-etoile-un-destin","tag-new"],"_links":{"self":[{"href":"https:\/\/oird.org\/oird\/wp-json\/wp\/v2\/posts\/5164","targetHints":{"allow":["GET"]}}],"collection":[{"href":"https:\/\/oird.org\/oird\/wp-json\/wp\/v2\/posts"}],"about":[{"href":"https:\/\/oird.org\/oird\/wp-json\/wp\/v2\/types\/post"}],"author":[{"embeddable":true,"href":"https:\/\/oird.org\/oird\/wp-json\/wp\/v2\/users\/3"}],"replies":[{"embeddable":true,"href":"https:\/\/oird.org\/oird\/wp-json\/wp\/v2\/comments?post=5164"}],"version-history":[{"count":0,"href":"https:\/\/oird.org\/oird\/wp-json\/wp\/v2\/posts\/5164\/revisions"}],"wp:featuredmedia":[{"embeddable":true,"href":"https:\/\/oird.org\/oird\/wp-json\/wp\/v2\/media\/5177"}],"wp:attachment":[{"href":"https:\/\/oird.org\/oird\/wp-json\/wp\/v2\/media?parent=5164"}],"wp:term":[{"taxonomy":"category","embeddable":true,"href":"https:\/\/oird.org\/oird\/wp-json\/wp\/v2\/categories?post=5164"},{"taxonomy":"post_tag","embeddable":true,"href":"https:\/\/oird.org\/oird\/wp-json\/wp\/v2\/tags?post=5164"}],"curies":[{"name":"wp","href":"https:\/\/api.w.org\/{rel}","templated":true}]}}